{"id":4021,"date":"2024-01-26T15:15:03","date_gmt":"2024-01-26T15:15:03","guid":{"rendered":"https:\/\/ioha.org\/?p=4021"},"modified":"2024-01-26T15:15:06","modified_gmt":"2024-01-26T15:15:06","slug":"call-for-papers-oral-history-and-life-stories-network-15a-conferencia-europea-de-historia-de-las-ciencias-sociales-esshc-leiden-paises-bajos-26-29-marzo-2025","status":"publish","type":"post","link":"https:\/\/ioha.org\/es\/call-for-papers-oral-history-and-life-stories-network-15th-european-social-science-history-conference-esshc-leiden-the-netherlands-26-29-march-2025\/","title":{"rendered":"CALL FOR PAPERS: HISTORIA ORAL Y RED DE HISTORIAS DE VIDA - 15\u00aa Conferencia Europea de Historia de las Ciencias Sociales (ESSHC) Leiden, Pa\u00edses Bajos, 26-29 de marzo de 2025"},"content":{"rendered":"<p>La Red de Historia Oral e Historias de Vida es una de las 27 redes de la ESSHC y re\u00fane a investigadores y profesionales de la historia oral y las historias de vida que exploran la memoria, las narrativas y la historia. En t\u00e9rminos generales, queremos alentar a los trabajos que exploran cuestiones metodol\u00f3gicas y desaf\u00edos, as\u00ed como la relaci\u00f3n entre las historias orales y la construcci\u00f3n y el an\u00e1lisis de historias de vida, tanto en t\u00e9rminos de procesos y resultados.<\/p>\n\n\n\n<p>Se trata de un <strong>tem\u00e1ticamente abierto <\/strong>Call for Papers, pero nos gustar\u00eda estimular algunos temas que puedan suscitar un inter\u00e9s m\u00e1s amplio:<\/p>\n\n\n\n<p>- retos te\u00f3ricos y metodol\u00f3gicos de la historia oral en la actualidad<\/p>\n\n\n\n<p>- impacto del proceso de digitalizaci\u00f3n en la historia oral y el an\u00e1lisis; retos de la digitalizaci\u00f3n (audio y v\u00eddeo), por ejemplo, transcripci\u00f3n, codificaci\u00f3n, archivo <\/p>\n\n\n\n<p>- reutilizaci\u00f3n de materiales de historia oral (archivados)<\/p>\n\n\n\n<p>- reflexiones sobre cuestiones jur\u00eddicas y \u00e9ticas en la historia oral<\/p>\n\n\n\n<p>- temas de la historia oral en la actualidad, por ejemplo, qu\u00e9 recuerdos se recogen, analizan y archivan<\/p>\n\n\n\n<p>- autoridad compartida<\/p>\n\n\n\n<p>- ense\u00f1anza de la historia oral y supervisi\u00f3n de proyectos de historia oral - experiencias, retos, conceptos<\/p>\n\n\n\n<p>- reflexiones sobre la combinaci\u00f3n de los m\u00e9todos de historia oral y relato de vida<\/p>\n\n\n\n<p>- relaciones de la historia oral con otros campos (por ejemplo, ciencias sociales, etnolog\u00eda, estudios sobre la memoria, etc.)<\/p>\n\n\n\n<p>Damos la bienvenida a <strong>propuestas de comunicaciones individuales <\/strong>as\u00ed como <strong>propuestas de paneles<\/strong>. Las propuestas de paneles deben tener una composici\u00f3n internacional (y proceder de diferentes instituciones). Cada uno de los trabajos que lo compongan deber\u00e1 ser de gran calidad. El criterio primordial para la selecci\u00f3n es la solidez de la ponencia propuesta, ya sea una ponencia individual o una ponencia en una propuesta de panel. Nuestra Red no favorece a los ponentes; si una propuesta de panel incluye un ponente, deber\u00e1 indicar por qu\u00e9 desea seguir este formato (en tal caso, el panel deber\u00e1 estar compuesto por un m\u00e1ximo de cuatro ponentes m\u00e1s un ponente). Las sesiones pueden tener un m\u00e1ximo de cinco ponencias.<\/p>\n\n\n\n<p>El <strong>plazo <\/strong>para la <strong>inscripci\u00f3n previa y carga requeridas <\/strong>de una ponencia o propuesta de sesi\u00f3n en el sitio web de la ESSHC es <strong>15 de abril de 2024<\/strong>. Para m\u00e1s informaci\u00f3n, consulte el sitio web de ESSHC-ESSHC en https:\/\/esshc.iisg.amsterdam\/en\/guidelines.<\/p>\n\n\n\n<p>Presidentes de redes:<\/p>\n\n\n\n<p>Anne Heimo, Universidad de Turku, Finlandia, <a href=\"mailto:anheimo@utu.fi\">anheimo@utu.fi<\/a> \u2502 Andrea Strutz, LBI para la Investigaci\u00f3n de las Consecuencias de la Guerra y Universidad de Graz, Austria, <a href=\"mailto:andrea.strutz@uni-graz.at\">andrea.strutz@uni-graz.at<\/a> \u2502 Malin Thor Tureby, Universidad de Malm\u00f6, Suecia, <a href=\"mailto:malin.thor@mau.se\">malin.thor@mau.se<\/a>. <\/p>","protected":false},"excerpt":{"rendered":"","protected":false},"author":48,"featured_media":0,"comment_status":"closed","ping_status":"closed","sticky":false,"template":"","format":"standard","meta":{"_acf_changed":false,"site-sidebar-layout":"default","site-content-layout":"","ast-site-content-layout":"default","site-content-style":"default","site-sidebar-style":"default","ast-global-header-display":"","ast-banner-title-visibility":"","ast-main-header-display":"","ast-hfb-above-header-display":"","ast-hfb-below-header-display":"","ast-hfb-mobile-header-display":"","site-post-title":"","ast-breadcrumbs-content":"","ast-featured-img":"","footer-sml-layout":"","ast-disable-related-posts":"","theme-transparent-header-meta":"","adv-header-id-meta":"","stick-header-meta":"","header-above-stick-meta":"","header-main-stick-meta":"","header-below-stick-meta":"","astra-migrate-meta-layouts":"set","ast-page-background-enabled":"default","ast-page-background-meta":{"desktop":{"background-color":"var(--ast-global-color-4)","background-image":"","background-repeat":"repeat","background-position":"center center","background-size":"auto","background-attachment":"scroll","background-type":"","background-media":"","overlay-type":"","overlay-color":"","overlay-opacity":"","overlay-gradient":""},"tablet":{"background-color":"","background-image":"","background-repeat":"repeat","background-position":"center center","background-size":"auto","background-attachment":"scroll","background-type":"","background-media":"","overlay-type":"","overlay-color":"","overlay-opacity":"","overlay-gradient":""},"mobile":{"background-color":"","background-image":"","background-repeat":"repeat","background-position":"center center","background-size":"auto","background-attachment":"scroll","background-type":"","background-media":"","overlay-type":"","overlay-color":"","overlay-opacity":"","overlay-gradient":""}},"ast-content-background-meta":{"desktop":{"background-color":"var(--ast-global-color-5)","background-image":"","background-repeat":"repeat","background-position":"center center","background-size":"auto","background-attachment":"scroll","background-type":"","background-media":"","overlay-type":"","overlay-color":"","overlay-opacity":"","overlay-gradient":""},"tablet":{"background-color":"var(--ast-global-color-5)","background-image":"","background-repeat":"repeat","background-position":"center center","background-size":"auto","background-attachment":"scroll","background-type":"","background-media":"","overlay-type":"","overlay-color":"","overlay-opacity":"","overlay-gradient":""},"mobile":{"background-color":"var(--ast-global-color-5)","background-image":"","background-repeat":"repeat","background-position":"center center","background-size":"auto","background-attachment":"scroll","background-type":"","background-media":"","overlay-type":"","overlay-color":"","overlay-opacity":"","overlay-gradient":""}},"footnotes":""},"categories":[92,1],"tags":[],"class_list":["post-4021","post","type-post","status-publish","format-standard","hentry","category-featured","category-general-news"],"acf":[],"yoast_head":"<!-- This site is optimized with the Yoast SEO plugin v27.4 - https:\/\/yoast.com\/product\/yoast-seo-wordpress\/ -->\n<title>CALL FOR PAPERS: ORAL HISTORY AND LIFE STORIES NETWORK - 15th European Social Science History Conference (ESSHC) Leiden, The Netherlands, 26-29 March, 2025 - International Oral History Association %<\/title>\n<meta name=\"robots\" content=\"index, follow, max-snippet:-1, max-image-preview:large, max-video-preview:-1\" \/>\n<link rel=\"canonical\" href=\"https:\/\/ioha.org\/es\/call-for-papers-oral-history-and-life-stories-network-15a-conferencia-europea-de-historia-de-las-ciencias-sociales-esshc-leiden-paises-bajos-26-29-marzo-2025\/\" \/>\n<meta property=\"og:locale\" content=\"es_ES\" \/>\n<meta property=\"og:type\" content=\"article\" \/>\n<meta property=\"og:title\" content=\"CALL FOR PAPERS: ORAL HISTORY AND LIFE STORIES NETWORK - 15th European Social Science History Conference (ESSHC) Leiden, The Netherlands, 26-29 March, 2025 - International Oral History Association %\" \/>\n<meta property=\"og:description\" content=\"The Oral History and Life Stories Network is one of the 27 networks of the ESSHC and brings together oral history and life story researchers and practitioners who explore memory, narratives, and history. Broadly, we want to encourage papers that explore methodological questions and challenges as well as the relationship between oral histories and the [&hellip;]\" \/>\n<meta property=\"og:url\" content=\"https:\/\/ioha.org\/es\/call-for-papers-oral-history-and-life-stories-network-15a-conferencia-europea-de-historia-de-las-ciencias-sociales-esshc-leiden-paises-bajos-26-29-marzo-2025\/\" \/>\n<meta property=\"og:site_name\" content=\"International Oral History Association\" \/>\n<meta property=\"article:publisher\" content=\"https:\/\/www.facebook.com\/people\/IOHA-International-Oral-History-Association\/61552554031622\/\" \/>\n<meta property=\"article:published_time\" content=\"2024-01-26T15:15:03+00:00\" \/>\n<meta property=\"article:modified_time\" content=\"2024-01-26T15:15:06+00:00\" \/>\n<meta name=\"author\" content=\"News &amp; Events Editor\" \/>\n<meta name=\"twitter:card\" content=\"summary_large_image\" \/>\n<meta name=\"twitter:label1\" content=\"Escrito por\" \/>\n\t<meta name=\"twitter:data1\" content=\"News &amp; Events Editor\" \/>\n\t<meta name=\"twitter:label2\" content=\"Tiempo de lectura\" \/>\n\t<meta name=\"twitter:data2\" content=\"2 minutos\" \/>\n<script type=\"application\/ld+json\" class=\"yoast-schema-graph\">{\"@context\":\"https:\\\/\\\/schema.org\",\"@graph\":[{\"@type\":\"Article\",\"@id\":\"https:\\\/\\\/ioha.org\\\/call-for-papers-oral-history-and-life-stories-network-15th-european-social-science-history-conference-esshc-leiden-the-netherlands-26-29-march-2025\\\/#article\",\"isPartOf\":{\"@id\":\"https:\\\/\\\/ioha.org\\\/call-for-papers-oral-history-and-life-stories-network-15th-european-social-science-history-conference-esshc-leiden-the-netherlands-26-29-march-2025\\\/\"},\"author\":{\"name\":\"News &amp; Events Editor\",\"@id\":\"https:\\\/\\\/ioha.org\\\/#\\\/schema\\\/person\\\/2182335b797c6ac09863daf9c9e99bad\"},\"headline\":\"CALL FOR PAPERS: ORAL HISTORY AND LIFE STORIES NETWORK &#8211; 15th European Social Science History Conference (ESSHC) Leiden, The Netherlands, 26-29 March, 2025\",\"datePublished\":\"2024-01-26T15:15:03+00:00\",\"dateModified\":\"2024-01-26T15:15:06+00:00\",\"mainEntityOfPage\":{\"@id\":\"https:\\\/\\\/ioha.org\\\/call-for-papers-oral-history-and-life-stories-network-15th-european-social-science-history-conference-esshc-leiden-the-netherlands-26-29-march-2025\\\/\"},\"wordCount\":397,\"publisher\":{\"@id\":\"https:\\\/\\\/ioha.org\\\/#organization\"},\"articleSection\":[\"Featured\",\"News\"],\"inLanguage\":\"es\"},{\"@type\":\"WebPage\",\"@id\":\"https:\\\/\\\/ioha.org\\\/call-for-papers-oral-history-and-life-stories-network-15th-european-social-science-history-conference-esshc-leiden-the-netherlands-26-29-march-2025\\\/\",\"url\":\"https:\\\/\\\/ioha.org\\\/call-for-papers-oral-history-and-life-stories-network-15th-european-social-science-history-conference-esshc-leiden-the-netherlands-26-29-march-2025\\\/\",\"name\":\"CALL FOR PAPERS: ORAL HISTORY AND LIFE STORIES NETWORK - 15th European Social Science History Conference (ESSHC) Leiden, The Netherlands, 26-29 March, 2025 - International Oral History Association %\",\"isPartOf\":{\"@id\":\"https:\\\/\\\/ioha.org\\\/#website\"},\"datePublished\":\"2024-01-26T15:15:03+00:00\",\"dateModified\":\"2024-01-26T15:15:06+00:00\",\"breadcrumb\":{\"@id\":\"https:\\\/\\\/ioha.org\\\/call-for-papers-oral-history-and-life-stories-network-15th-european-social-science-history-conference-esshc-leiden-the-netherlands-26-29-march-2025\\\/#breadcrumb\"},\"inLanguage\":\"es\",\"potentialAction\":[{\"@type\":\"ReadAction\",\"target\":[\"https:\\\/\\\/ioha.org\\\/call-for-papers-oral-history-and-life-stories-network-15th-european-social-science-history-conference-esshc-leiden-the-netherlands-26-29-march-2025\\\/\"]}]},{\"@type\":\"BreadcrumbList\",\"@id\":\"https:\\\/\\\/ioha.org\\\/call-for-papers-oral-history-and-life-stories-network-15th-european-social-science-history-conference-esshc-leiden-the-netherlands-26-29-march-2025\\\/#breadcrumb\",\"itemListElement\":[{\"@type\":\"ListItem\",\"position\":1,\"name\":\"Home\",\"item\":\"https:\\\/\\\/ioha.org\\\/\"},{\"@type\":\"ListItem\",\"position\":2,\"name\":\"CALL FOR PAPERS: ORAL HISTORY AND LIFE STORIES NETWORK &#8211; 15th European Social Science History Conference (ESSHC) Leiden, The Netherlands, 26-29 March, 2025\"}]},{\"@type\":\"WebSite\",\"@id\":\"https:\\\/\\\/ioha.org\\\/#website\",\"url\":\"https:\\\/\\\/ioha.org\\\/\",\"name\":\"International Oral History Association\",\"description\":\"IOHA\",\"publisher\":{\"@id\":\"https:\\\/\\\/ioha.org\\\/#organization\"},\"potentialAction\":[{\"@type\":\"SearchAction\",\"target\":{\"@type\":\"EntryPoint\",\"urlTemplate\":\"https:\\\/\\\/ioha.org\\\/?s={search_term_string}\"},\"query-input\":{\"@type\":\"PropertyValueSpecification\",\"valueRequired\":true,\"valueName\":\"search_term_string\"}}],\"inLanguage\":\"es\"},{\"@type\":\"Organization\",\"@id\":\"https:\\\/\\\/ioha.org\\\/#organization\",\"name\":\"International Oral History Association\",\"alternateName\":\"IOHA\",\"url\":\"https:\\\/\\\/ioha.org\\\/\",\"logo\":{\"@type\":\"ImageObject\",\"inLanguage\":\"es\",\"@id\":\"https:\\\/\\\/ioha.org\\\/#\\\/schema\\\/logo\\\/image\\\/\",\"url\":\"https:\\\/\\\/ioha.org\\\/wp-content\\\/uploads\\\/2022\\\/02\\\/ioha-logo.png\",\"contentUrl\":\"https:\\\/\\\/ioha.org\\\/wp-content\\\/uploads\\\/2022\\\/02\\\/ioha-logo.png\",\"width\":500,\"height\":500,\"caption\":\"International Oral History Association\"},\"image\":{\"@id\":\"https:\\\/\\\/ioha.org\\\/#\\\/schema\\\/logo\\\/image\\\/\"},\"sameAs\":[\"https:\\\/\\\/www.facebook.com\\\/people\\\/IOHA-International-Oral-History-Association\\\/61552554031622\\\/\"]},{\"@type\":\"Person\",\"@id\":\"https:\\\/\\\/ioha.org\\\/#\\\/schema\\\/person\\\/2182335b797c6ac09863daf9c9e99bad\",\"name\":\"News &amp; Events Editor\",\"image\":{\"@type\":\"ImageObject\",\"inLanguage\":\"es\",\"@id\":\"https:\\\/\\\/secure.gravatar.com\\\/avatar\\\/6bba0635480033dd8b044dd3e87bf846dd7a3aa435857e2e080853b189248dc2?s=96&d=mm&r=g\",\"url\":\"https:\\\/\\\/secure.gravatar.com\\\/avatar\\\/6bba0635480033dd8b044dd3e87bf846dd7a3aa435857e2e080853b189248dc2?s=96&d=mm&r=g\",\"contentUrl\":\"https:\\\/\\\/secure.gravatar.com\\\/avatar\\\/6bba0635480033dd8b044dd3e87bf846dd7a3aa435857e2e080853b189248dc2?s=96&d=mm&r=g\",\"caption\":\"News &amp; Events Editor\"}}]}<\/script>\n<!-- \/ Yoast SEO plugin. -->","yoast_head_json":{"title":"CONVOCATORIA DE PONENCIAS: HISTORIA ORAL Y RED DE HISTORIAS DE VIDA - 15\u00ba Congreso Europeo de Historia de las Ciencias Sociales (ESSHC) Leiden, Pa\u00edses Bajos, 26-29 de marzo de 2025 - Asociaci\u00f3n Internacional de Historia Oral %","robots":{"index":"index","follow":"follow","max-snippet":"max-snippet:-1","max-image-preview":"max-image-preview:large","max-video-preview":"max-video-preview:-1"},"canonical":"https:\/\/ioha.org\/es\/call-for-papers-oral-history-and-life-stories-network-15a-conferencia-europea-de-historia-de-las-ciencias-sociales-esshc-leiden-paises-bajos-26-29-marzo-2025\/","og_locale":"es_ES","og_type":"article","og_title":"CALL FOR PAPERS: ORAL HISTORY AND LIFE STORIES NETWORK - 15th European Social Science History Conference (ESSHC) Leiden, The Netherlands, 26-29 March, 2025 - International Oral History Association %","og_description":"The Oral History and Life Stories Network is one of the 27 networks of the ESSHC and brings together oral history and life story researchers and practitioners who explore memory, narratives, and history. Broadly, we want to encourage papers that explore methodological questions and challenges as well as the relationship between oral histories and the [&hellip;]","og_url":"https:\/\/ioha.org\/es\/call-for-papers-oral-history-and-life-stories-network-15a-conferencia-europea-de-historia-de-las-ciencias-sociales-esshc-leiden-paises-bajos-26-29-marzo-2025\/","og_site_name":"International Oral History Association","article_publisher":"https:\/\/www.facebook.com\/people\/IOHA-International-Oral-History-Association\/61552554031622\/","article_published_time":"2024-01-26T15:15:03+00:00","article_modified_time":"2024-01-26T15:15:06+00:00","author":"News &amp; Events Editor","twitter_card":"summary_large_image","twitter_misc":{"Escrito por":"News &amp; Events Editor","Tiempo de lectura":"2 minutos"},"schema":{"@context":"https:\/\/schema.org","@graph":[{"@type":"Article","@id":"https:\/\/ioha.org\/call-for-papers-oral-history-and-life-stories-network-15th-european-social-science-history-conference-esshc-leiden-the-netherlands-26-29-march-2025\/#article","isPartOf":{"@id":"https:\/\/ioha.org\/call-for-papers-oral-history-and-life-stories-network-15th-european-social-science-history-conference-esshc-leiden-the-netherlands-26-29-march-2025\/"},"author":{"name":"News &amp; Events Editor","@id":"https:\/\/ioha.org\/#\/schema\/person\/2182335b797c6ac09863daf9c9e99bad"},"headline":"CALL FOR PAPERS: ORAL HISTORY AND LIFE STORIES NETWORK &#8211; 15th European Social Science History Conference (ESSHC) Leiden, The Netherlands, 26-29 March, 2025","datePublished":"2024-01-26T15:15:03+00:00","dateModified":"2024-01-26T15:15:06+00:00","mainEntityOfPage":{"@id":"https:\/\/ioha.org\/call-for-papers-oral-history-and-life-stories-network-15th-european-social-science-history-conference-esshc-leiden-the-netherlands-26-29-march-2025\/"},"wordCount":397,"publisher":{"@id":"https:\/\/ioha.org\/#organization"},"articleSection":["Featured","News"],"inLanguage":"es"},{"@type":"WebPage","@id":"https:\/\/ioha.org\/call-for-papers-oral-history-and-life-stories-network-15th-european-social-science-history-conference-esshc-leiden-the-netherlands-26-29-march-2025\/","url":"https:\/\/ioha.org\/call-for-papers-oral-history-and-life-stories-network-15th-european-social-science-history-conference-esshc-leiden-the-netherlands-26-29-march-2025\/","name":"CONVOCATORIA DE PONENCIAS: HISTORIA ORAL Y RED DE HISTORIAS DE VIDA - 15\u00ba Congreso Europeo de Historia de las Ciencias Sociales (ESSHC) Leiden, Pa\u00edses Bajos, 26-29 de marzo de 2025 - Asociaci\u00f3n Internacional de Historia Oral %","isPartOf":{"@id":"https:\/\/ioha.org\/#website"},"datePublished":"2024-01-26T15:15:03+00:00","dateModified":"2024-01-26T15:15:06+00:00","breadcrumb":{"@id":"https:\/\/ioha.org\/call-for-papers-oral-history-and-life-stories-network-15th-european-social-science-history-conference-esshc-leiden-the-netherlands-26-29-march-2025\/#breadcrumb"},"inLanguage":"es","potentialAction":[{"@type":"ReadAction","target":["https:\/\/ioha.org\/call-for-papers-oral-history-and-life-stories-network-15th-european-social-science-history-conference-esshc-leiden-the-netherlands-26-29-march-2025\/"]}]},{"@type":"BreadcrumbList","@id":"https:\/\/ioha.org\/call-for-papers-oral-history-and-life-stories-network-15th-european-social-science-history-conference-esshc-leiden-the-netherlands-26-29-march-2025\/#breadcrumb","itemListElement":[{"@type":"ListItem","position":1,"name":"Home","item":"https:\/\/ioha.org\/"},{"@type":"ListItem","position":2,"name":"CALL FOR PAPERS: ORAL HISTORY AND LIFE STORIES NETWORK &#8211; 15th European Social Science History Conference (ESSHC) Leiden, The Netherlands, 26-29 March, 2025"}]},{"@type":"WebSite","@id":"https:\/\/ioha.org\/#website","url":"https:\/\/ioha.org\/","name":"Asociaci\u00f3n Internacional de Historia Oral","description":"IOHA","publisher":{"@id":"https:\/\/ioha.org\/#organization"},"potentialAction":[{"@type":"SearchAction","target":{"@type":"EntryPoint","urlTemplate":"https:\/\/ioha.org\/?s={search_term_string}"},"query-input":{"@type":"PropertyValueSpecification","valueRequired":true,"valueName":"search_term_string"}}],"inLanguage":"es"},{"@type":"Organization","@id":"https:\/\/ioha.org\/#organization","name":"Asociaci\u00f3n Internacional de Historia Oral","alternateName":"IOHA","url":"https:\/\/ioha.org\/","logo":{"@type":"ImageObject","inLanguage":"es","@id":"https:\/\/ioha.org\/#\/schema\/logo\/image\/","url":"https:\/\/ioha.org\/wp-content\/uploads\/2022\/02\/ioha-logo.png","contentUrl":"https:\/\/ioha.org\/wp-content\/uploads\/2022\/02\/ioha-logo.png","width":500,"height":500,"caption":"International Oral History Association"},"image":{"@id":"https:\/\/ioha.org\/#\/schema\/logo\/image\/"},"sameAs":["https:\/\/www.facebook.com\/people\/IOHA-International-Oral-History-Association\/61552554031622\/"]},{"@type":"Person","@id":"https:\/\/ioha.org\/#\/schema\/person\/2182335b797c6ac09863daf9c9e99bad","name":"Editor de noticias y eventos","image":{"@type":"ImageObject","inLanguage":"es","@id":"https:\/\/secure.gravatar.com\/avatar\/6bba0635480033dd8b044dd3e87bf846dd7a3aa435857e2e080853b189248dc2?s=96&d=mm&r=g","url":"https:\/\/secure.gravatar.com\/avatar\/6bba0635480033dd8b044dd3e87bf846dd7a3aa435857e2e080853b189248dc2?s=96&d=mm&r=g","contentUrl":"https:\/\/secure.gravatar.com\/avatar\/6bba0635480033dd8b044dd3e87bf846dd7a3aa435857e2e080853b189248dc2?s=96&d=mm&r=g","caption":"News &amp; Events Editor"}}]}},"_links":{"self":[{"href":"https:\/\/ioha.org\/es\/wp-json\/wp\/v2\/posts\/4021","targetHints":{"allow":["GET"]}}],"collection":[{"href":"https:\/\/ioha.org\/es\/wp-json\/wp\/v2\/posts"}],"about":[{"href":"https:\/\/ioha.org\/es\/wp-json\/wp\/v2\/types\/post"}],"author":[{"embeddable":true,"href":"https:\/\/ioha.org\/es\/wp-json\/wp\/v2\/users\/48"}],"replies":[{"embeddable":true,"href":"https:\/\/ioha.org\/es\/wp-json\/wp\/v2\/comments?post=4021"}],"version-history":[{"count":0,"href":"https:\/\/ioha.org\/es\/wp-json\/wp\/v2\/posts\/4021\/revisions"}],"wp:attachment":[{"href":"https:\/\/ioha.org\/es\/wp-json\/wp\/v2\/media?parent=4021"}],"wp:term":[{"taxonomy":"category","embeddable":true,"href":"https:\/\/ioha.org\/es\/wp-json\/wp\/v2\/categories?post=4021"},{"taxonomy":"post_tag","embeddable":true,"href":"https:\/\/ioha.org\/es\/wp-json\/wp\/v2\/tags?post=4021"}],"curies":[{"name":"wp","href":"https:\/\/api.w.org\/{rel}","templated":true}]}}