{"id":2049,"date":"2019-02-23T01:22:57","date_gmt":"2019-02-23T01:22:57","guid":{"rendered":"https:\/\/ioha.org\/?p=2049"},"modified":"2022-02-24T19:08:52","modified_gmt":"2022-02-24T19:08:52","slug":"grupos-comunitarios-de-historia-oral-en-grecia","status":"publish","type":"post","link":"https:\/\/ioha.org\/es\/grupos-comunitarios-de-historia-oral-en-grecia\/","title":{"rendered":"Grupos comunitarios de historia oral en Grecia"},"content":{"rendered":"<p><img loading=\"lazy\" decoding=\"async\" class=\"alignnone size-medium wp-image-2046\" src=\"https:\/\/ioha.org\/wp-content\/uploads\/2019\/02\/\u03c0\u03bb\u03b7\u03c1\u03bf\u03c6\u03bf\u03c1\u03b7\u03c4\u03ad\u03c2-300x199.jpg\" alt=\"\" width=\"300\" height=\"199\" srcset=\"https:\/\/ioha.org\/wp-content\/uploads\/2019\/02\/\u03c0\u03bb\u03b7\u03c1\u03bf\u03c6\u03bf\u03c1\u03b7\u03c4\u03ad\u03c2-300x199.jpg 300w, https:\/\/ioha.org\/wp-content\/uploads\/2019\/02\/\u03c0\u03bb\u03b7\u03c1\u03bf\u03c6\u03bf\u03c1\u03b7\u03c4\u03ad\u03c2-768x509.jpg 768w, https:\/\/ioha.org\/wp-content\/uploads\/2019\/02\/\u03c0\u03bb\u03b7\u03c1\u03bf\u03c6\u03bf\u03c1\u03b7\u03c4\u03ad\u03c2.jpg 960w\" sizes=\"auto, (max-width: 300px) 100vw, 300px\" \/><\/p>\n<p><strong>Riki Van Boeschoten<\/strong><\/p>\n<p>Uno de los aspectos m\u00e1s interesantes de la escena de historia oral en Grecia es el florecimiento de grupos comunitarios de historia oral en localidades de todo el pa\u00eds. El primer grupo de historia oral se estableci\u00f3 en 2011 en Kyseli, un vecindario de Atenas duramente golpeado por las distintas consecuencias sociales de la crisis econ\u00f3mica, pero el movimiento se extendi\u00f3 gradualmente a otros barrios de la capital. Hacia finales de 2014 ya hab\u00eda un total de ocho grupos establecidos, la mayor\u00eda en Atenas. Pero a a\u00f1o siguiente el movimiento comenz\u00f3 a expandirse a otras \u00e1reas tambi\u00e9n. Especialmente durante los \u00faltimos a\u00f1os se ha asistido a un crecimiento exponencial. Para el final de 2018, 37 grupos hab\u00edan sido creados desde 2011, de los cuales 30 segu\u00edan activos. Casi la mitad de ellos est\u00e1n localizados en ciudades provinciales m\u00e1s all\u00e1 de la capital y todos estos grupos juntos han realizado m\u00e1s de 600 entrevistas. Todos los grupos se han establecido rtas un entrenamiento de 18 horas familiarizando a los posibles miembros con t\u00e9cnicas de realizaci\u00f3n de entrevistas, archivo y \u00e9tica. Los miembros son voluntarios de todas las edades, formando colectivos informales independientes y trabajando juntos de modo colaborativo. Estos colectivos juntan a las personas con un inter\u00e9s genuino en la historia, incluyendo profesores\/as de historia, arquitectos, historiadores\/as locales, artistas y estudiantes. Mientras que durante los primeros a\u00f1os los grupos se han enfocado principalmente en sus propios barrios, en a\u00f1os m\u00e1s recientes hemos visto una importante diversificaci\u00f3n. Por un lado, se han creado un n\u00famero de grupos con intereses especiales, posibilitando el encuentro con activistas que ya estaban trabajando en otras \u00e1reas: por ejemplo en estructuras alternativas preocupadas por asuntos medioambientales, ayudas sociales, o la liberaci\u00f3n de las mujeres. Por otro lado, otros grupos se han creado con el apoyo y\/o la cooperaci\u00f3n de instituciones locales (museos, archivos, bibliotecas, municipios, departamentos universitarios). Una tercera categor\u00eda se refiere a grupos creados para recoger las memorias de colectivos socioculturales espec\u00edficos, como los y las refugiadas procedentes de Asia Menor.<\/p>\n<p>Estos desarrollos son bastante sorprendentes: aunque la historia oral ha sido impartida en algunos departamentos universitarios durante las \u00faltimas d\u00e9cadas, ha constituido un fen\u00f3meno muy marginal en la sociedad griega. Dos factores importantes han contribuido a este cambio: el impacto de la crisis econ\u00f3mica que comenz\u00f3 en 2010 y la creaci\u00f3n de la Asociaci\u00f3n Griega de Historia Oral en 2012. La crisis econ\u00f3mica ha afectado profundamente todos los aspectos de la sociedad griega, desde el desempleo masivo a fuertes cambios en la familia y el sistema pol\u00edtico. En una sociedad en la que los traumas del pasado, especialmente los de 1940, est\u00e1n todav\u00eda muy vivos, esto ha llevado a mucha gente a reflexionar sobre una historia largamente silenciada para encarar el presente y el futuro. Por otro lado la crisis tambi\u00e9n ha disparado un desarrollo generalizado de estructuras alternativas dirigidas por ciudadanos y ciudadanas activas, cubriendo necesidades econ\u00f3micas, sociales y culturales y trabajando con independencia respecto a las estructuras formales del poder. El florecimiento de grupos de historia oral local deber\u00eda ser entendido en este contexto espec\u00edfico. A otro nivel, la Asociaci\u00f3n Griega de Historia Oral ha apoyado este movimiento desde el principio dirigiendo talleres de formaci\u00f3n por todo el pa\u00eds y proveyendo de un marco m\u00e1s amplio para integrar estas iniciativas en un contexto internacional de mayor alcance.<\/p>\n<p>M\u00e1s recientemente, un importante punto de giro tuvo lugar cuando algunos de los grupos de historia oral locales comenzaron a materializar la que hab\u00eda sido su meta desde el inicio: devolver las historias orales que hab\u00edan recogido a sus comunidades originales, para servir al \"prop\u00f3sito social de la historia\", como dir\u00eda Paul Thomson. En 2015 y 2017 los grupos atenienses de historia oral organizaron un \"Festival de la Historia Oral\" en el que los grupos presentaron sus trabajos, invitando a las personas entrevistadas a asistir. Algunos grupos organizaron paseos sonoros en sus ciudades o vecindarios, presentando sus trabajos en escuelas locales, u optaron por preparar una publicaci\u00f3n basada en sus entrevistas. De modo muy importante, dos grupos de historia oral (uno en atenas y otro en Volos) que organizan eventos con memorias dolorosas de los a\u00f1os 40 (alusivas a la resistencia contra la ocupaci\u00f3n nazi, el rol de los colaboracionistas locales y la subsiguiente Guerra Civil) tuvo un tremendo \u00e9xito con la poblaci\u00f3n local. Memorias que hab\u00edan permanecido ocultas durante d\u00e9cadas y que hab\u00edan sido silenciadas en familias concretas salieron a la luz y trajeron reconocimiento de sufrimientos pasados. Las personas entrevistadas, con una edad superior a los noventa a\u00f1os en la actualidad, fueron invitadas a atender como invitadas de honor y se sintieron satisfechas de que al final sus historias pudieran ser escuchadas en p\u00fablico.<\/p>\n<p>Esta conexi\u00f3n con las comunidades locales, si est\u00e1 combinada con una actitud cr\u00edtica y reflexiva con respecto al pasado, puede liderar el camino hacia el desarrollo de una democratizaci\u00f3n genuina de la historia y reforzar el papel crucial de la historia oral en este desaf\u00edo.<\/p>","protected":false},"excerpt":{"rendered":"","protected":false},"author":48,"featured_media":0,"comment_status":"open","ping_status":"open","sticky":false,"template":"","format":"standard","meta":{"_acf_changed":false,"site-sidebar-layout":"default","site-content-layout":"","ast-site-content-layout":"default","site-content-style":"default","site-sidebar-style":"default","ast-global-header-display":"","ast-banner-title-visibility":"","ast-main-header-display":"","ast-hfb-above-header-display":"","ast-hfb-below-header-display":"","ast-hfb-mobile-header-display":"","site-post-title":"","ast-breadcrumbs-content":"","ast-featured-img":"","footer-sml-layout":"","ast-disable-related-posts":"","theme-transparent-header-meta":"","adv-header-id-meta":"","stick-header-meta":"","header-above-stick-meta":"","header-main-stick-meta":"","header-below-stick-meta":"","astra-migrate-meta-layouts":"default","ast-page-background-enabled":"default","ast-page-background-meta":{"desktop":{"background-color":"var(--ast-global-color-4)","background-image":"","background-repeat":"repeat","background-position":"center center","background-size":"auto","background-attachment":"scroll","background-type":"","background-media":"","overlay-type":"","overlay-color":"","overlay-opacity":"","overlay-gradient":""},"tablet":{"background-color":"","background-image":"","background-repeat":"repeat","background-position":"center center","background-size":"auto","background-attachment":"scroll","background-type":"","background-media":"","overlay-type":"","overlay-color":"","overlay-opacity":"","overlay-gradient":""},"mobile":{"background-color":"","background-image":"","background-repeat":"repeat","background-position":"center center","background-size":"auto","background-attachment":"scroll","background-type":"","background-media":"","overlay-type":"","overlay-color":"","overlay-opacity":"","overlay-gradient":""}},"ast-content-background-meta":{"desktop":{"background-color":"var(--ast-global-color-5)","background-image":"","background-repeat":"repeat","background-position":"center center","background-size":"auto","background-attachment":"scroll","background-type":"","background-media":"","overlay-type":"","overlay-color":"","overlay-opacity":"","overlay-gradient":""},"tablet":{"background-color":"var(--ast-global-color-5)","background-image":"","background-repeat":"repeat","background-position":"center center","background-size":"auto","background-attachment":"scroll","background-type":"","background-media":"","overlay-type":"","overlay-color":"","overlay-opacity":"","overlay-gradient":""},"mobile":{"background-color":"var(--ast-global-color-5)","background-image":"","background-repeat":"repeat","background-position":"center center","background-size":"auto","background-attachment":"scroll","background-type":"","background-media":"","overlay-type":"","overlay-color":"","overlay-opacity":"","overlay-gradient":""}},"footnotes":""},"categories":[91],"tags":[12],"class_list":["post-2049","post","type-post","status-publish","format-standard","hentry","category-archives","tag-noticias"],"acf":[],"yoast_head":"<!-- This site is optimized with the Yoast SEO plugin v27.4 - https:\/\/yoast.com\/product\/yoast-seo-wordpress\/ -->\n<title>Grupos comunitarios de historia oral en Grecia - International Oral History Association %<\/title>\n<meta name=\"robots\" content=\"index, follow, max-snippet:-1, max-image-preview:large, max-video-preview:-1\" \/>\n<link rel=\"canonical\" href=\"https:\/\/ioha.org\/es\/grupos-comunitarios-de-historia-oral-en-grecia\/\" \/>\n<meta property=\"og:locale\" content=\"es_ES\" \/>\n<meta property=\"og:type\" content=\"article\" \/>\n<meta property=\"og:title\" content=\"Grupos comunitarios de historia oral en Grecia - International Oral History Association %\" \/>\n<meta property=\"og:description\" content=\"Riki Van Boeschoten Uno de los aspectos m\u00e1s interesantes de la escena de historia oral en Grecia es el florecimiento de grupos comunitarios de historia oral en localidades de todo el pa\u00eds. El primer grupo de historia oral se estableci\u00f3 en 2011 en Kyseli, un vecindario de Atenas duramente golpeado por las distintas consecuencias sociales [&hellip;]\" \/>\n<meta property=\"og:url\" content=\"https:\/\/ioha.org\/es\/grupos-comunitarios-de-historia-oral-en-grecia\/\" \/>\n<meta property=\"og:site_name\" content=\"International Oral History Association\" \/>\n<meta property=\"article:publisher\" content=\"https:\/\/www.facebook.com\/people\/IOHA-International-Oral-History-Association\/61552554031622\/\" \/>\n<meta property=\"article:published_time\" content=\"2019-02-23T01:22:57+00:00\" \/>\n<meta property=\"article:modified_time\" content=\"2022-02-24T19:08:52+00:00\" \/>\n<meta name=\"author\" content=\"News &amp; Events Editor\" \/>\n<meta name=\"twitter:card\" content=\"summary_large_image\" \/>\n<meta name=\"twitter:label1\" content=\"Escrito por\" \/>\n\t<meta name=\"twitter:data1\" content=\"News &amp; Events Editor\" \/>\n\t<meta name=\"twitter:label2\" content=\"Tiempo de lectura\" \/>\n\t<meta name=\"twitter:data2\" content=\"4 minutos\" \/>\n<script type=\"application\/ld+json\" class=\"yoast-schema-graph\">{\"@context\":\"https:\\\/\\\/schema.org\",\"@graph\":[{\"@type\":\"Article\",\"@id\":\"https:\\\/\\\/ioha.org\\\/grupos-comunitarios-de-historia-oral-en-grecia\\\/#article\",\"isPartOf\":{\"@id\":\"https:\\\/\\\/ioha.org\\\/grupos-comunitarios-de-historia-oral-en-grecia\\\/\"},\"author\":{\"name\":\"News &amp; Events Editor\",\"@id\":\"https:\\\/\\\/ioha.org\\\/#\\\/schema\\\/person\\\/2182335b797c6ac09863daf9c9e99bad\"},\"headline\":\"Grupos comunitarios de historia oral en Grecia\",\"datePublished\":\"2019-02-23T01:22:57+00:00\",\"dateModified\":\"2022-02-24T19:08:52+00:00\",\"mainEntityOfPage\":{\"@id\":\"https:\\\/\\\/ioha.org\\\/grupos-comunitarios-de-historia-oral-en-grecia\\\/\"},\"wordCount\":887,\"commentCount\":0,\"publisher\":{\"@id\":\"https:\\\/\\\/ioha.org\\\/#organization\"},\"keywords\":[\"Noticias\"],\"articleSection\":[\"Archives\"],\"inLanguage\":\"es\"},{\"@type\":\"WebPage\",\"@id\":\"https:\\\/\\\/ioha.org\\\/grupos-comunitarios-de-historia-oral-en-grecia\\\/\",\"url\":\"https:\\\/\\\/ioha.org\\\/grupos-comunitarios-de-historia-oral-en-grecia\\\/\",\"name\":\"Grupos comunitarios de historia oral en Grecia - International Oral History Association %\",\"isPartOf\":{\"@id\":\"https:\\\/\\\/ioha.org\\\/#website\"},\"datePublished\":\"2019-02-23T01:22:57+00:00\",\"dateModified\":\"2022-02-24T19:08:52+00:00\",\"breadcrumb\":{\"@id\":\"https:\\\/\\\/ioha.org\\\/grupos-comunitarios-de-historia-oral-en-grecia\\\/#breadcrumb\"},\"inLanguage\":\"es\",\"potentialAction\":[{\"@type\":\"ReadAction\",\"target\":[\"https:\\\/\\\/ioha.org\\\/grupos-comunitarios-de-historia-oral-en-grecia\\\/\"]}]},{\"@type\":\"BreadcrumbList\",\"@id\":\"https:\\\/\\\/ioha.org\\\/grupos-comunitarios-de-historia-oral-en-grecia\\\/#breadcrumb\",\"itemListElement\":[{\"@type\":\"ListItem\",\"position\":1,\"name\":\"Home\",\"item\":\"https:\\\/\\\/ioha.org\\\/\"},{\"@type\":\"ListItem\",\"position\":2,\"name\":\"Grupos comunitarios de historia oral en Grecia\"}]},{\"@type\":\"WebSite\",\"@id\":\"https:\\\/\\\/ioha.org\\\/#website\",\"url\":\"https:\\\/\\\/ioha.org\\\/\",\"name\":\"International Oral History Association\",\"description\":\"IOHA\",\"publisher\":{\"@id\":\"https:\\\/\\\/ioha.org\\\/#organization\"},\"potentialAction\":[{\"@type\":\"SearchAction\",\"target\":{\"@type\":\"EntryPoint\",\"urlTemplate\":\"https:\\\/\\\/ioha.org\\\/?s={search_term_string}\"},\"query-input\":{\"@type\":\"PropertyValueSpecification\",\"valueRequired\":true,\"valueName\":\"search_term_string\"}}],\"inLanguage\":\"es\"},{\"@type\":\"Organization\",\"@id\":\"https:\\\/\\\/ioha.org\\\/#organization\",\"name\":\"International Oral History Association\",\"alternateName\":\"IOHA\",\"url\":\"https:\\\/\\\/ioha.org\\\/\",\"logo\":{\"@type\":\"ImageObject\",\"inLanguage\":\"es\",\"@id\":\"https:\\\/\\\/ioha.org\\\/#\\\/schema\\\/logo\\\/image\\\/\",\"url\":\"https:\\\/\\\/ioha.org\\\/wp-content\\\/uploads\\\/2022\\\/02\\\/ioha-logo.png\",\"contentUrl\":\"https:\\\/\\\/ioha.org\\\/wp-content\\\/uploads\\\/2022\\\/02\\\/ioha-logo.png\",\"width\":500,\"height\":500,\"caption\":\"International Oral History Association\"},\"image\":{\"@id\":\"https:\\\/\\\/ioha.org\\\/#\\\/schema\\\/logo\\\/image\\\/\"},\"sameAs\":[\"https:\\\/\\\/www.facebook.com\\\/people\\\/IOHA-International-Oral-History-Association\\\/61552554031622\\\/\"]},{\"@type\":\"Person\",\"@id\":\"https:\\\/\\\/ioha.org\\\/#\\\/schema\\\/person\\\/2182335b797c6ac09863daf9c9e99bad\",\"name\":\"News &amp; Events Editor\",\"image\":{\"@type\":\"ImageObject\",\"inLanguage\":\"es\",\"@id\":\"https:\\\/\\\/secure.gravatar.com\\\/avatar\\\/6bba0635480033dd8b044dd3e87bf846dd7a3aa435857e2e080853b189248dc2?s=96&d=mm&r=g\",\"url\":\"https:\\\/\\\/secure.gravatar.com\\\/avatar\\\/6bba0635480033dd8b044dd3e87bf846dd7a3aa435857e2e080853b189248dc2?s=96&d=mm&r=g\",\"contentUrl\":\"https:\\\/\\\/secure.gravatar.com\\\/avatar\\\/6bba0635480033dd8b044dd3e87bf846dd7a3aa435857e2e080853b189248dc2?s=96&d=mm&r=g\",\"caption\":\"News &amp; Events Editor\"}}]}<\/script>\n<!-- \/ Yoast SEO plugin. -->","yoast_head_json":{"title":"Grupos comunitarios de historia oral en Grecia - Asociaci\u00f3n Internacional de Historia Oral %","robots":{"index":"index","follow":"follow","max-snippet":"max-snippet:-1","max-image-preview":"max-image-preview:large","max-video-preview":"max-video-preview:-1"},"canonical":"https:\/\/ioha.org\/es\/grupos-comunitarios-de-historia-oral-en-grecia\/","og_locale":"es_ES","og_type":"article","og_title":"Grupos comunitarios de historia oral en Grecia - International Oral History Association %","og_description":"Riki Van Boeschoten Uno de los aspectos m\u00e1s interesantes de la escena de historia oral en Grecia es el florecimiento de grupos comunitarios de historia oral en localidades de todo el pa\u00eds. El primer grupo de historia oral se estableci\u00f3 en 2011 en Kyseli, un vecindario de Atenas duramente golpeado por las distintas consecuencias sociales [&hellip;]","og_url":"https:\/\/ioha.org\/es\/grupos-comunitarios-de-historia-oral-en-grecia\/","og_site_name":"International Oral History Association","article_publisher":"https:\/\/www.facebook.com\/people\/IOHA-International-Oral-History-Association\/61552554031622\/","article_published_time":"2019-02-23T01:22:57+00:00","article_modified_time":"2022-02-24T19:08:52+00:00","author":"News &amp; Events Editor","twitter_card":"summary_large_image","twitter_misc":{"Escrito por":"News &amp; Events Editor","Tiempo de lectura":"4 minutos"},"schema":{"@context":"https:\/\/schema.org","@graph":[{"@type":"Article","@id":"https:\/\/ioha.org\/grupos-comunitarios-de-historia-oral-en-grecia\/#article","isPartOf":{"@id":"https:\/\/ioha.org\/grupos-comunitarios-de-historia-oral-en-grecia\/"},"author":{"name":"News &amp; Events Editor","@id":"https:\/\/ioha.org\/#\/schema\/person\/2182335b797c6ac09863daf9c9e99bad"},"headline":"Grupos comunitarios de historia oral en Grecia","datePublished":"2019-02-23T01:22:57+00:00","dateModified":"2022-02-24T19:08:52+00:00","mainEntityOfPage":{"@id":"https:\/\/ioha.org\/grupos-comunitarios-de-historia-oral-en-grecia\/"},"wordCount":887,"commentCount":0,"publisher":{"@id":"https:\/\/ioha.org\/#organization"},"keywords":["Noticias"],"articleSection":["Archives"],"inLanguage":"es"},{"@type":"WebPage","@id":"https:\/\/ioha.org\/grupos-comunitarios-de-historia-oral-en-grecia\/","url":"https:\/\/ioha.org\/grupos-comunitarios-de-historia-oral-en-grecia\/","name":"Grupos comunitarios de historia oral en Grecia - Asociaci\u00f3n Internacional de Historia Oral %","isPartOf":{"@id":"https:\/\/ioha.org\/#website"},"datePublished":"2019-02-23T01:22:57+00:00","dateModified":"2022-02-24T19:08:52+00:00","breadcrumb":{"@id":"https:\/\/ioha.org\/grupos-comunitarios-de-historia-oral-en-grecia\/#breadcrumb"},"inLanguage":"es","potentialAction":[{"@type":"ReadAction","target":["https:\/\/ioha.org\/grupos-comunitarios-de-historia-oral-en-grecia\/"]}]},{"@type":"BreadcrumbList","@id":"https:\/\/ioha.org\/grupos-comunitarios-de-historia-oral-en-grecia\/#breadcrumb","itemListElement":[{"@type":"ListItem","position":1,"name":"Home","item":"https:\/\/ioha.org\/"},{"@type":"ListItem","position":2,"name":"Grupos comunitarios de historia oral en Grecia"}]},{"@type":"WebSite","@id":"https:\/\/ioha.org\/#website","url":"https:\/\/ioha.org\/","name":"Asociaci\u00f3n Internacional de Historia Oral","description":"IOHA","publisher":{"@id":"https:\/\/ioha.org\/#organization"},"potentialAction":[{"@type":"SearchAction","target":{"@type":"EntryPoint","urlTemplate":"https:\/\/ioha.org\/?s={search_term_string}"},"query-input":{"@type":"PropertyValueSpecification","valueRequired":true,"valueName":"search_term_string"}}],"inLanguage":"es"},{"@type":"Organization","@id":"https:\/\/ioha.org\/#organization","name":"Asociaci\u00f3n Internacional de Historia Oral","alternateName":"IOHA","url":"https:\/\/ioha.org\/","logo":{"@type":"ImageObject","inLanguage":"es","@id":"https:\/\/ioha.org\/#\/schema\/logo\/image\/","url":"https:\/\/ioha.org\/wp-content\/uploads\/2022\/02\/ioha-logo.png","contentUrl":"https:\/\/ioha.org\/wp-content\/uploads\/2022\/02\/ioha-logo.png","width":500,"height":500,"caption":"International Oral History Association"},"image":{"@id":"https:\/\/ioha.org\/#\/schema\/logo\/image\/"},"sameAs":["https:\/\/www.facebook.com\/people\/IOHA-International-Oral-History-Association\/61552554031622\/"]},{"@type":"Person","@id":"https:\/\/ioha.org\/#\/schema\/person\/2182335b797c6ac09863daf9c9e99bad","name":"Editor de noticias y eventos","image":{"@type":"ImageObject","inLanguage":"es","@id":"https:\/\/secure.gravatar.com\/avatar\/6bba0635480033dd8b044dd3e87bf846dd7a3aa435857e2e080853b189248dc2?s=96&d=mm&r=g","url":"https:\/\/secure.gravatar.com\/avatar\/6bba0635480033dd8b044dd3e87bf846dd7a3aa435857e2e080853b189248dc2?s=96&d=mm&r=g","contentUrl":"https:\/\/secure.gravatar.com\/avatar\/6bba0635480033dd8b044dd3e87bf846dd7a3aa435857e2e080853b189248dc2?s=96&d=mm&r=g","caption":"News &amp; Events Editor"}}]}},"_links":{"self":[{"href":"https:\/\/ioha.org\/es\/wp-json\/wp\/v2\/posts\/2049","targetHints":{"allow":["GET"]}}],"collection":[{"href":"https:\/\/ioha.org\/es\/wp-json\/wp\/v2\/posts"}],"about":[{"href":"https:\/\/ioha.org\/es\/wp-json\/wp\/v2\/types\/post"}],"author":[{"embeddable":true,"href":"https:\/\/ioha.org\/es\/wp-json\/wp\/v2\/users\/48"}],"replies":[{"embeddable":true,"href":"https:\/\/ioha.org\/es\/wp-json\/wp\/v2\/comments?post=2049"}],"version-history":[{"count":0,"href":"https:\/\/ioha.org\/es\/wp-json\/wp\/v2\/posts\/2049\/revisions"}],"wp:attachment":[{"href":"https:\/\/ioha.org\/es\/wp-json\/wp\/v2\/media?parent=2049"}],"wp:term":[{"taxonomy":"category","embeddable":true,"href":"https:\/\/ioha.org\/es\/wp-json\/wp\/v2\/categories?post=2049"},{"taxonomy":"post_tag","embeddable":true,"href":"https:\/\/ioha.org\/es\/wp-json\/wp\/v2\/tags?post=2049"}],"curies":[{"name":"wp","href":"https:\/\/api.w.org\/{rel}","templated":true}]}}