{"id":1786,"date":"2018-10-31T19:40:10","date_gmt":"2018-10-31T19:40:10","guid":{"rendered":"https:\/\/ioha.org\/?p=1786"},"modified":"2022-02-24T19:14:33","modified_gmt":"2022-02-24T19:14:33","slug":"convocatoria-de-ponencias-para-una-sesion-conjunta-aceptada-para-el-xxxii-congreso-internacional-de-ciencias-historicas","status":"publish","type":"post","link":"https:\/\/ioha.org\/es\/call-for-papers-for-a-joint-session-accepted-for-the-the-xxiiind-international-congress-of-historical-sciences\/","title":{"rendered":"Convocatoria de ponencias para una sesi\u00f3n conjunta aceptada para el XXIII Congreso Internacional de Ciencias Hist\u00f3ricas"},"content":{"rendered":"<p><img loading=\"lazy\" decoding=\"async\" class=\"alignnone size-full wp-image-1433\" src=\"https:\/\/ioha.org\/wp-content\/uploads\/2018\/03\/Palacky-University-Olomouc.jpg\" alt=\"Universidad Palacky de Olomouc\" width=\"222\" height=\"216\" \/><\/p>\n<p><strong>Convocatoria de ponencias para una sesi\u00f3n conjunta aceptada para el XXIII Congreso Internacional de Ciencias Hist\u00f3ricas, <\/strong><\/p>\n<p><strong>Pozna\u0144, Polonia, 23.-29. 08. 2020<\/strong><\/p>\n<p><strong>Organizador de la sesi\u00f3n: Radmila \u0160va\u0159\u00ed\u010dkov\u00e1 Slab\u00e1kov\u00e1, Departamento de Historia (www.historie.upol.cz), Universidad Palack\u00fd Olomouc, Rep\u00fablica Checa, radmila.svarickova@<\/strong><strong>upol.cz.<\/strong><\/p>\n<p>Sesi\u00f3n propuesta por el: Comit\u00e9 Nacional de Historiadores Checo y Comit\u00e9 Nacional de Historiadores Eslovaco<\/p>\n<p>Las sesiones conjuntas son convocadas por al menos dos organizaciones miembros del ICSH. Las sesiones conjuntas tienen una duraci\u00f3n de tres horas y seis participantes.<\/p>\n<p><strong>T\u00edtulo de la sesi\u00f3n<\/strong>:<\/p>\n<p><strong>Memoria familiar y transmisi\u00f3n intergeneracional del pasado<\/strong><\/p>\n<p><strong>Presentaci\u00f3n: <\/strong><\/p>\n<p>A pesar del \"boom de la memoria\" detectado en las ciencias sociales y las humanidades desde hace ya algunas d\u00e9cadas, la memoria familiar apenas se ha convertido en un tema importante de investigaci\u00f3n. Relacionado con un concepto m\u00e1s amplio de memoria colectiva, introducido por el soci\u00f3logo franc\u00e9s Maurice Halbwachs en la d\u00e9cada de 1920, su estudio qued\u00f3 eclipsado por las investigaciones centradas en la memoria colectiva de las naciones o por las investigaciones sobre la memoria autobiogr\u00e1fica. Unos pocos estudios dedicados a la memoria familiar, si es que los hay, han examinado especialmente los recuerdos de acontecimientos hist\u00f3ricos traum\u00e1ticos e importantes en las familias. La familia, en tales estudios, se ha entendido como un mero v\u00ednculo de conexi\u00f3n entre la memoria individual y la memoria nacional. El propio M. Halbwachs, aunque habl\u00f3 de una \"cierta ineludibilidad de la memoria familiar\" y describi\u00f3 a la familia como \"uno de los principales lugares donde se adquieren los esquemas socioculturales\", no estudi\u00f3 la familia en detalle, ni las caracter\u00edsticas subjetivas y psicol\u00f3gicas de la memoria. Sin embargo, tal y como revelan los psic\u00f3logos, existe una cierta inquietud en el estudio de la familia: cada familia engloba a personas que comparten una parte del pasado y tienen ciertas perspectivas relacionales comunes. Estas perspectivas cambian con el tiempo, junto con el funcionamiento de la familia en su conjunto. La memoria familiar no puede entenderse, por tanto, como una entidad inmutable, sino como un proceso continuo de creaci\u00f3n de significados del pasado familiar (particularmente A. Muxuel, 1996 y H. Welzer et al., 2002). Los recuerdos son m\u00e1s bien \"el pasado imaginado\" (Widerberg, 2011) que se crea y modifica activamente a trav\u00e9s del proceso de comunicaci\u00f3n en forma de relato.  Si la familia es una entidad intergeneracional, los recuerdos se transmiten a trav\u00e9s de las generaciones con respecto a las necesidades actuales de la familia y las normas culturales y sociales disponibles.<\/p>\n<p>El objetivo de esta sesi\u00f3n es comprender mejor el fen\u00f3meno denominado memoria familiar. La familia como tema de investigaci\u00f3n y como importante sistema interrelacional no ha sido a\u00fan estudiada en la medida que la ciencia necesitar\u00eda. Una posible e innovadora direcci\u00f3n de investigaci\u00f3n fue sugerida por el psiquiatra estadounidense David Reiss (1987), lamentablemente sin apenas seguidores, que introdujo la noci\u00f3n de paradigma familiar. El paradigma familiar es un conjunto de supuestos, opiniones, creencias, valores y expectativas compartidos y profundamente arraigados que permiten a la familia orientarse en el mundo y reaccionar ante todos los cambios posibles. El paradigma familiar es el centro de la forma en que la familia en su conjunto percibe e interpreta lo que ocurre en el mundo. El paradigma familiar puede considerarse una parte de la identidad familiar. Se conserva en la memoria de la familia y se transmite a trav\u00e9s de los rituales y las rutinas familiares, es decir, en el marco de la interacci\u00f3n familiar que tambi\u00e9n tiene una funci\u00f3n de memoria.<\/p>\n<p>Adem\u00e1s de los aspectos descritos en los p\u00e1rrafos anteriores, la memoria familiar se crea tambi\u00e9n mediante objetos materiales que evocan el pasado familiar. Se trata de viejas fotograf\u00edas familiares, correspondencia privada conservada, diarios y cuadernos, juguetes con los que los ni\u00f1os sol\u00edan jugar, ropa o accesorios, bisuter\u00eda, cuadros, porcelana y loza o viejas herramientas r\u00fasticas, por ejemplo. Aunque los miembros de la familia tengan diferentes recuerdos o historias que contar al evocar estos objetos memorables, en conjunto estos objetos representan el patrimonio familiar, es decir, el \"tesoro\" de la familia. Si estos objetos evocan efectivamente los sentimientos de lealtad y obligaci\u00f3n con respecto a las generaciones anteriores o si se perciben con indiferencia, se trata de nuevo de las necesidades de la familia y de sus normas socioculturales.<\/p>\n<p><strong>La sesi\u00f3n acoge propuestas centradas en el significado, el contenido y las formas de transmisi\u00f3n de la memoria familiar en un contexto interdisciplinario amplio (sociol\u00f3gico o psicol\u00f3gico) y en la perspectiva mundial. <\/strong><\/p>\n<p><strong>Las propuestas de papel deben centrarse en:<\/strong><\/p>\n<p>1) Los recuerdos de los acontecimientos hist\u00f3ricos y su transformaci\u00f3n intergeneracional - f.i. \u00bfDe qu\u00e9 manera y por qu\u00e9 los recuerdos de las generaciones anteriores son modificados por las siguientes?; \u00bfPueden las narrativas familiares servir como contranarrativas de la memoria nacional\/oficial? \u00bfDe qu\u00e9 manera?<\/p>\n<p>2) Los aspectos particulares de la memoria familiar vivida, como los objetos materiales\/fotograf\u00edas de la familia, las tradiciones familiares y los valores de la familia - f.i. \u00bfC\u00f3mo se transmiten a trav\u00e9s de las generaciones y qu\u00e9 significa para una posici\u00f3n hist\u00f3rica y social de una familia\/familias?<\/p>\n<p><strong>Son especialmente bienvenidas las propuestas centradas en la perspectiva trigeneracional de la memoria familiar y que se basen en entrevistas cualitativas.<\/strong><\/p>\n<p>El Fondo de Solidaridad estar\u00e1 a disposici\u00f3n de los participantes.<\/p>\n<p>Las ponencias presentadas durante la sesi\u00f3n se publicar\u00e1n en un volumen editado (probablemente por Routledge - por confirmar).<\/p>\n<p><strong>Un resumen de unas 200 palabras y un breve CV<\/strong> debe enviarse a <a href=\"mailto:radmila.svarickova@upol.cz\">radmila.svarickova@upol.cz<\/a> a m\u00e1s tardar el 16 de diciembre de 2018.<\/p>","protected":false},"excerpt":{"rendered":"","protected":false},"author":48,"featured_media":0,"comment_status":"open","ping_status":"open","sticky":false,"template":"","format":"standard","meta":{"_acf_changed":false,"site-sidebar-layout":"default","site-content-layout":"","ast-site-content-layout":"default","site-content-style":"default","site-sidebar-style":"default","ast-global-header-display":"","ast-banner-title-visibility":"","ast-main-header-display":"","ast-hfb-above-header-display":"","ast-hfb-below-header-display":"","ast-hfb-mobile-header-display":"","site-post-title":"","ast-breadcrumbs-content":"","ast-featured-img":"","footer-sml-layout":"","ast-disable-related-posts":"","theme-transparent-header-meta":"","adv-header-id-meta":"","stick-header-meta":"","header-above-stick-meta":"","header-main-stick-meta":"","header-below-stick-meta":"","astra-migrate-meta-layouts":"default","ast-page-background-enabled":"default","ast-page-background-meta":{"desktop":{"background-color":"var(--ast-global-color-4)","background-image":"","background-repeat":"repeat","background-position":"center center","background-size":"auto","background-attachment":"scroll","background-type":"","background-media":"","overlay-type":"","overlay-color":"","overlay-opacity":"","overlay-gradient":""},"tablet":{"background-color":"","background-image":"","background-repeat":"repeat","background-position":"center center","background-size":"auto","background-attachment":"scroll","background-type":"","background-media":"","overlay-type":"","overlay-color":"","overlay-opacity":"","overlay-gradient":""},"mobile":{"background-color":"","background-image":"","background-repeat":"repeat","background-position":"center center","background-size":"auto","background-attachment":"scroll","background-type":"","background-media":"","overlay-type":"","overlay-color":"","overlay-opacity":"","overlay-gradient":""}},"ast-content-background-meta":{"desktop":{"background-color":"var(--ast-global-color-5)","background-image":"","background-repeat":"repeat","background-position":"center center","background-size":"auto","background-attachment":"scroll","background-type":"","background-media":"","overlay-type":"","overlay-color":"","overlay-opacity":"","overlay-gradient":""},"tablet":{"background-color":"var(--ast-global-color-5)","background-image":"","background-repeat":"repeat","background-position":"center center","background-size":"auto","background-attachment":"scroll","background-type":"","background-media":"","overlay-type":"","overlay-color":"","overlay-opacity":"","overlay-gradient":""},"mobile":{"background-color":"var(--ast-global-color-5)","background-image":"","background-repeat":"repeat","background-position":"center center","background-size":"auto","background-attachment":"scroll","background-type":"","background-media":"","overlay-type":"","overlay-color":"","overlay-opacity":"","overlay-gradient":""}},"footnotes":""},"categories":[91],"tags":[18],"class_list":["post-1786","post","type-post","status-publish","format-standard","hentry","category-archives","tag-events"],"acf":[],"yoast_head":"<!-- This site is optimized with the Yoast SEO plugin v27.4 - https:\/\/yoast.com\/product\/yoast-seo-wordpress\/ -->\n<title>Call for papers for a joint session accepted for the the XXIIInd International Congress of Historical Sciences - International Oral History Association %<\/title>\n<meta name=\"robots\" content=\"index, follow, max-snippet:-1, max-image-preview:large, max-video-preview:-1\" \/>\n<link rel=\"canonical\" href=\"https:\/\/ioha.org\/es\/convocatoria-de-ponencias-para-una-sesion-conjunta-aceptada-para-el-xxxii-congreso-internacional-de-ciencias-historicas\/\" \/>\n<meta property=\"og:locale\" content=\"es_ES\" \/>\n<meta property=\"og:type\" content=\"article\" \/>\n<meta property=\"og:title\" content=\"Call for papers for a joint session accepted for the the XXIIInd International Congress of Historical Sciences - International Oral History Association %\" \/>\n<meta property=\"og:description\" content=\"Call for papers for a joint session accepted for the XXIIInd International Congress of Historical Sciences, Pozna\u0144, Poland, 23.-29. 08. 2020 Organizer of the session: Radmila \u0160va\u0159\u00ed\u010dkov\u00e1 Slab\u00e1kov\u00e1, Department of History (www.historie.upol.cz), Palack\u00fd University Olomouc, Czech Republic, radmila.svarickova@upol.cz. Session proposed by the: Czech National Committee of Historians and Slovak National Committee of Historians Joint Sessions [&hellip;]\" \/>\n<meta property=\"og:url\" content=\"https:\/\/ioha.org\/es\/convocatoria-de-ponencias-para-una-sesion-conjunta-aceptada-para-el-xxxii-congreso-internacional-de-ciencias-historicas\/\" \/>\n<meta property=\"og:site_name\" content=\"International Oral History Association\" \/>\n<meta property=\"article:publisher\" content=\"https:\/\/www.facebook.com\/people\/IOHA-International-Oral-History-Association\/61552554031622\/\" \/>\n<meta property=\"article:published_time\" content=\"2018-10-31T19:40:10+00:00\" \/>\n<meta property=\"article:modified_time\" content=\"2022-02-24T19:14:33+00:00\" \/>\n<meta property=\"og:image\" content=\"https:\/\/ioha.org\/wp-content\/uploads\/2018\/03\/Palacky-University-Olomouc.jpg\" \/>\n<meta name=\"author\" content=\"News &amp; Events Editor\" \/>\n<meta name=\"twitter:card\" content=\"summary_large_image\" \/>\n<meta name=\"twitter:label1\" content=\"Escrito por\" \/>\n\t<meta name=\"twitter:data1\" content=\"News &amp; Events Editor\" \/>\n\t<meta name=\"twitter:label2\" content=\"Tiempo de lectura\" \/>\n\t<meta name=\"twitter:data2\" content=\"4 minutos\" \/>\n<script type=\"application\/ld+json\" class=\"yoast-schema-graph\">{\"@context\":\"https:\\\/\\\/schema.org\",\"@graph\":[{\"@type\":\"Article\",\"@id\":\"https:\\\/\\\/ioha.org\\\/call-for-papers-for-a-joint-session-accepted-for-the-the-xxiiind-international-congress-of-historical-sciences\\\/#article\",\"isPartOf\":{\"@id\":\"https:\\\/\\\/ioha.org\\\/call-for-papers-for-a-joint-session-accepted-for-the-the-xxiiind-international-congress-of-historical-sciences\\\/\"},\"author\":{\"name\":\"News &amp; Events Editor\",\"@id\":\"https:\\\/\\\/ioha.org\\\/#\\\/schema\\\/person\\\/2182335b797c6ac09863daf9c9e99bad\"},\"headline\":\"Call for papers for a joint session accepted for the the XXIIInd International Congress of Historical Sciences\",\"datePublished\":\"2018-10-31T19:40:10+00:00\",\"dateModified\":\"2022-02-24T19:14:33+00:00\",\"mainEntityOfPage\":{\"@id\":\"https:\\\/\\\/ioha.org\\\/call-for-papers-for-a-joint-session-accepted-for-the-the-xxiiind-international-congress-of-historical-sciences\\\/\"},\"wordCount\":869,\"commentCount\":0,\"publisher\":{\"@id\":\"https:\\\/\\\/ioha.org\\\/#organization\"},\"image\":{\"@id\":\"https:\\\/\\\/ioha.org\\\/call-for-papers-for-a-joint-session-accepted-for-the-the-xxiiind-international-congress-of-historical-sciences\\\/#primaryimage\"},\"thumbnailUrl\":\"https:\\\/\\\/ioha.org\\\/wp-content\\\/uploads\\\/2018\\\/03\\\/Palacky-University-Olomouc.jpg\",\"keywords\":[\"Events\"],\"articleSection\":[\"Archives\"],\"inLanguage\":\"es\"},{\"@type\":\"WebPage\",\"@id\":\"https:\\\/\\\/ioha.org\\\/call-for-papers-for-a-joint-session-accepted-for-the-the-xxiiind-international-congress-of-historical-sciences\\\/\",\"url\":\"https:\\\/\\\/ioha.org\\\/call-for-papers-for-a-joint-session-accepted-for-the-the-xxiiind-international-congress-of-historical-sciences\\\/\",\"name\":\"Call for papers for a joint session accepted for the the XXIIInd International Congress of Historical Sciences - International Oral History Association %\",\"isPartOf\":{\"@id\":\"https:\\\/\\\/ioha.org\\\/#website\"},\"primaryImageOfPage\":{\"@id\":\"https:\\\/\\\/ioha.org\\\/call-for-papers-for-a-joint-session-accepted-for-the-the-xxiiind-international-congress-of-historical-sciences\\\/#primaryimage\"},\"image\":{\"@id\":\"https:\\\/\\\/ioha.org\\\/call-for-papers-for-a-joint-session-accepted-for-the-the-xxiiind-international-congress-of-historical-sciences\\\/#primaryimage\"},\"thumbnailUrl\":\"https:\\\/\\\/ioha.org\\\/wp-content\\\/uploads\\\/2018\\\/03\\\/Palacky-University-Olomouc.jpg\",\"datePublished\":\"2018-10-31T19:40:10+00:00\",\"dateModified\":\"2022-02-24T19:14:33+00:00\",\"breadcrumb\":{\"@id\":\"https:\\\/\\\/ioha.org\\\/call-for-papers-for-a-joint-session-accepted-for-the-the-xxiiind-international-congress-of-historical-sciences\\\/#breadcrumb\"},\"inLanguage\":\"es\",\"potentialAction\":[{\"@type\":\"ReadAction\",\"target\":[\"https:\\\/\\\/ioha.org\\\/call-for-papers-for-a-joint-session-accepted-for-the-the-xxiiind-international-congress-of-historical-sciences\\\/\"]}]},{\"@type\":\"ImageObject\",\"inLanguage\":\"es\",\"@id\":\"https:\\\/\\\/ioha.org\\\/call-for-papers-for-a-joint-session-accepted-for-the-the-xxiiind-international-congress-of-historical-sciences\\\/#primaryimage\",\"url\":\"https:\\\/\\\/ioha.org\\\/wp-content\\\/uploads\\\/2018\\\/03\\\/Palacky-University-Olomouc.jpg\",\"contentUrl\":\"https:\\\/\\\/ioha.org\\\/wp-content\\\/uploads\\\/2018\\\/03\\\/Palacky-University-Olomouc.jpg\"},{\"@type\":\"BreadcrumbList\",\"@id\":\"https:\\\/\\\/ioha.org\\\/call-for-papers-for-a-joint-session-accepted-for-the-the-xxiiind-international-congress-of-historical-sciences\\\/#breadcrumb\",\"itemListElement\":[{\"@type\":\"ListItem\",\"position\":1,\"name\":\"Home\",\"item\":\"https:\\\/\\\/ioha.org\\\/\"},{\"@type\":\"ListItem\",\"position\":2,\"name\":\"Call for papers for a joint session accepted for the the XXIIInd International Congress of Historical Sciences\"}]},{\"@type\":\"WebSite\",\"@id\":\"https:\\\/\\\/ioha.org\\\/#website\",\"url\":\"https:\\\/\\\/ioha.org\\\/\",\"name\":\"International Oral History Association\",\"description\":\"IOHA\",\"publisher\":{\"@id\":\"https:\\\/\\\/ioha.org\\\/#organization\"},\"potentialAction\":[{\"@type\":\"SearchAction\",\"target\":{\"@type\":\"EntryPoint\",\"urlTemplate\":\"https:\\\/\\\/ioha.org\\\/?s={search_term_string}\"},\"query-input\":{\"@type\":\"PropertyValueSpecification\",\"valueRequired\":true,\"valueName\":\"search_term_string\"}}],\"inLanguage\":\"es\"},{\"@type\":\"Organization\",\"@id\":\"https:\\\/\\\/ioha.org\\\/#organization\",\"name\":\"International Oral History Association\",\"alternateName\":\"IOHA\",\"url\":\"https:\\\/\\\/ioha.org\\\/\",\"logo\":{\"@type\":\"ImageObject\",\"inLanguage\":\"es\",\"@id\":\"https:\\\/\\\/ioha.org\\\/#\\\/schema\\\/logo\\\/image\\\/\",\"url\":\"https:\\\/\\\/ioha.org\\\/wp-content\\\/uploads\\\/2022\\\/02\\\/ioha-logo.png\",\"contentUrl\":\"https:\\\/\\\/ioha.org\\\/wp-content\\\/uploads\\\/2022\\\/02\\\/ioha-logo.png\",\"width\":500,\"height\":500,\"caption\":\"International Oral History Association\"},\"image\":{\"@id\":\"https:\\\/\\\/ioha.org\\\/#\\\/schema\\\/logo\\\/image\\\/\"},\"sameAs\":[\"https:\\\/\\\/www.facebook.com\\\/people\\\/IOHA-International-Oral-History-Association\\\/61552554031622\\\/\"]},{\"@type\":\"Person\",\"@id\":\"https:\\\/\\\/ioha.org\\\/#\\\/schema\\\/person\\\/2182335b797c6ac09863daf9c9e99bad\",\"name\":\"News &amp; Events Editor\",\"image\":{\"@type\":\"ImageObject\",\"inLanguage\":\"es\",\"@id\":\"https:\\\/\\\/secure.gravatar.com\\\/avatar\\\/6bba0635480033dd8b044dd3e87bf846dd7a3aa435857e2e080853b189248dc2?s=96&d=mm&r=g\",\"url\":\"https:\\\/\\\/secure.gravatar.com\\\/avatar\\\/6bba0635480033dd8b044dd3e87bf846dd7a3aa435857e2e080853b189248dc2?s=96&d=mm&r=g\",\"contentUrl\":\"https:\\\/\\\/secure.gravatar.com\\\/avatar\\\/6bba0635480033dd8b044dd3e87bf846dd7a3aa435857e2e080853b189248dc2?s=96&d=mm&r=g\",\"caption\":\"News &amp; Events Editor\"}}]}<\/script>\n<!-- \/ Yoast SEO plugin. -->","yoast_head_json":{"title":"Convocatoria de ponencias para una sesi\u00f3n conjunta aceptada para el XXIII Congreso Internacional de Ciencias Hist\u00f3ricas - Asociaci\u00f3n Internacional de Historia Oral %","robots":{"index":"index","follow":"follow","max-snippet":"max-snippet:-1","max-image-preview":"max-image-preview:large","max-video-preview":"max-video-preview:-1"},"canonical":"https:\/\/ioha.org\/es\/convocatoria-de-ponencias-para-una-sesion-conjunta-aceptada-para-el-xxxii-congreso-internacional-de-ciencias-historicas\/","og_locale":"es_ES","og_type":"article","og_title":"Call for papers for a joint session accepted for the the XXIIInd International Congress of Historical Sciences - International Oral History Association %","og_description":"Call for papers for a joint session accepted for the XXIIInd International Congress of Historical Sciences, Pozna\u0144, Poland, 23.-29. 08. 2020 Organizer of the session: Radmila \u0160va\u0159\u00ed\u010dkov\u00e1 Slab\u00e1kov\u00e1, Department of History (www.historie.upol.cz), Palack\u00fd University Olomouc, Czech Republic, radmila.svarickova@upol.cz. Session proposed by the: Czech National Committee of Historians and Slovak National Committee of Historians Joint Sessions [&hellip;]","og_url":"https:\/\/ioha.org\/es\/convocatoria-de-ponencias-para-una-sesion-conjunta-aceptada-para-el-xxxii-congreso-internacional-de-ciencias-historicas\/","og_site_name":"International Oral History Association","article_publisher":"https:\/\/www.facebook.com\/people\/IOHA-International-Oral-History-Association\/61552554031622\/","article_published_time":"2018-10-31T19:40:10+00:00","article_modified_time":"2022-02-24T19:14:33+00:00","og_image":[{"url":"https:\/\/ioha.org\/wp-content\/uploads\/2018\/03\/Palacky-University-Olomouc.jpg","type":"","width":"","height":""}],"author":"News &amp; Events Editor","twitter_card":"summary_large_image","twitter_misc":{"Escrito por":"News &amp; Events Editor","Tiempo de lectura":"4 minutos"},"schema":{"@context":"https:\/\/schema.org","@graph":[{"@type":"Article","@id":"https:\/\/ioha.org\/call-for-papers-for-a-joint-session-accepted-for-the-the-xxiiind-international-congress-of-historical-sciences\/#article","isPartOf":{"@id":"https:\/\/ioha.org\/call-for-papers-for-a-joint-session-accepted-for-the-the-xxiiind-international-congress-of-historical-sciences\/"},"author":{"name":"News &amp; Events Editor","@id":"https:\/\/ioha.org\/#\/schema\/person\/2182335b797c6ac09863daf9c9e99bad"},"headline":"Call for papers for a joint session accepted for the the XXIIInd International Congress of Historical Sciences","datePublished":"2018-10-31T19:40:10+00:00","dateModified":"2022-02-24T19:14:33+00:00","mainEntityOfPage":{"@id":"https:\/\/ioha.org\/call-for-papers-for-a-joint-session-accepted-for-the-the-xxiiind-international-congress-of-historical-sciences\/"},"wordCount":869,"commentCount":0,"publisher":{"@id":"https:\/\/ioha.org\/#organization"},"image":{"@id":"https:\/\/ioha.org\/call-for-papers-for-a-joint-session-accepted-for-the-the-xxiiind-international-congress-of-historical-sciences\/#primaryimage"},"thumbnailUrl":"https:\/\/ioha.org\/wp-content\/uploads\/2018\/03\/Palacky-University-Olomouc.jpg","keywords":["Events"],"articleSection":["Archives"],"inLanguage":"es"},{"@type":"WebPage","@id":"https:\/\/ioha.org\/call-for-papers-for-a-joint-session-accepted-for-the-the-xxiiind-international-congress-of-historical-sciences\/","url":"https:\/\/ioha.org\/call-for-papers-for-a-joint-session-accepted-for-the-the-xxiiind-international-congress-of-historical-sciences\/","name":"Convocatoria de ponencias para una sesi\u00f3n conjunta aceptada para el XXIII Congreso Internacional de Ciencias Hist\u00f3ricas - Asociaci\u00f3n Internacional de Historia Oral %","isPartOf":{"@id":"https:\/\/ioha.org\/#website"},"primaryImageOfPage":{"@id":"https:\/\/ioha.org\/call-for-papers-for-a-joint-session-accepted-for-the-the-xxiiind-international-congress-of-historical-sciences\/#primaryimage"},"image":{"@id":"https:\/\/ioha.org\/call-for-papers-for-a-joint-session-accepted-for-the-the-xxiiind-international-congress-of-historical-sciences\/#primaryimage"},"thumbnailUrl":"https:\/\/ioha.org\/wp-content\/uploads\/2018\/03\/Palacky-University-Olomouc.jpg","datePublished":"2018-10-31T19:40:10+00:00","dateModified":"2022-02-24T19:14:33+00:00","breadcrumb":{"@id":"https:\/\/ioha.org\/call-for-papers-for-a-joint-session-accepted-for-the-the-xxiiind-international-congress-of-historical-sciences\/#breadcrumb"},"inLanguage":"es","potentialAction":[{"@type":"ReadAction","target":["https:\/\/ioha.org\/call-for-papers-for-a-joint-session-accepted-for-the-the-xxiiind-international-congress-of-historical-sciences\/"]}]},{"@type":"ImageObject","inLanguage":"es","@id":"https:\/\/ioha.org\/call-for-papers-for-a-joint-session-accepted-for-the-the-xxiiind-international-congress-of-historical-sciences\/#primaryimage","url":"https:\/\/ioha.org\/wp-content\/uploads\/2018\/03\/Palacky-University-Olomouc.jpg","contentUrl":"https:\/\/ioha.org\/wp-content\/uploads\/2018\/03\/Palacky-University-Olomouc.jpg"},{"@type":"BreadcrumbList","@id":"https:\/\/ioha.org\/call-for-papers-for-a-joint-session-accepted-for-the-the-xxiiind-international-congress-of-historical-sciences\/#breadcrumb","itemListElement":[{"@type":"ListItem","position":1,"name":"Home","item":"https:\/\/ioha.org\/"},{"@type":"ListItem","position":2,"name":"Call for papers for a joint session accepted for the the XXIIInd International Congress of Historical Sciences"}]},{"@type":"WebSite","@id":"https:\/\/ioha.org\/#website","url":"https:\/\/ioha.org\/","name":"Asociaci\u00f3n Internacional de Historia Oral","description":"IOHA","publisher":{"@id":"https:\/\/ioha.org\/#organization"},"potentialAction":[{"@type":"SearchAction","target":{"@type":"EntryPoint","urlTemplate":"https:\/\/ioha.org\/?s={search_term_string}"},"query-input":{"@type":"PropertyValueSpecification","valueRequired":true,"valueName":"search_term_string"}}],"inLanguage":"es"},{"@type":"Organization","@id":"https:\/\/ioha.org\/#organization","name":"Asociaci\u00f3n Internacional de Historia Oral","alternateName":"IOHA","url":"https:\/\/ioha.org\/","logo":{"@type":"ImageObject","inLanguage":"es","@id":"https:\/\/ioha.org\/#\/schema\/logo\/image\/","url":"https:\/\/ioha.org\/wp-content\/uploads\/2022\/02\/ioha-logo.png","contentUrl":"https:\/\/ioha.org\/wp-content\/uploads\/2022\/02\/ioha-logo.png","width":500,"height":500,"caption":"International Oral History Association"},"image":{"@id":"https:\/\/ioha.org\/#\/schema\/logo\/image\/"},"sameAs":["https:\/\/www.facebook.com\/people\/IOHA-International-Oral-History-Association\/61552554031622\/"]},{"@type":"Person","@id":"https:\/\/ioha.org\/#\/schema\/person\/2182335b797c6ac09863daf9c9e99bad","name":"Editor de noticias y eventos","image":{"@type":"ImageObject","inLanguage":"es","@id":"https:\/\/secure.gravatar.com\/avatar\/6bba0635480033dd8b044dd3e87bf846dd7a3aa435857e2e080853b189248dc2?s=96&d=mm&r=g","url":"https:\/\/secure.gravatar.com\/avatar\/6bba0635480033dd8b044dd3e87bf846dd7a3aa435857e2e080853b189248dc2?s=96&d=mm&r=g","contentUrl":"https:\/\/secure.gravatar.com\/avatar\/6bba0635480033dd8b044dd3e87bf846dd7a3aa435857e2e080853b189248dc2?s=96&d=mm&r=g","caption":"News &amp; Events Editor"}}]}},"_links":{"self":[{"href":"https:\/\/ioha.org\/es\/wp-json\/wp\/v2\/posts\/1786","targetHints":{"allow":["GET"]}}],"collection":[{"href":"https:\/\/ioha.org\/es\/wp-json\/wp\/v2\/posts"}],"about":[{"href":"https:\/\/ioha.org\/es\/wp-json\/wp\/v2\/types\/post"}],"author":[{"embeddable":true,"href":"https:\/\/ioha.org\/es\/wp-json\/wp\/v2\/users\/48"}],"replies":[{"embeddable":true,"href":"https:\/\/ioha.org\/es\/wp-json\/wp\/v2\/comments?post=1786"}],"version-history":[{"count":0,"href":"https:\/\/ioha.org\/es\/wp-json\/wp\/v2\/posts\/1786\/revisions"}],"wp:attachment":[{"href":"https:\/\/ioha.org\/es\/wp-json\/wp\/v2\/media?parent=1786"}],"wp:term":[{"taxonomy":"category","embeddable":true,"href":"https:\/\/ioha.org\/es\/wp-json\/wp\/v2\/categories?post=1786"},{"taxonomy":"post_tag","embeddable":true,"href":"https:\/\/ioha.org\/es\/wp-json\/wp\/v2\/tags?post=1786"}],"curies":[{"name":"wp","href":"https:\/\/api.w.org\/{rel}","templated":true}]}}