{"id":3682,"date":"2022-06-18T12:53:44","date_gmt":"2022-06-18T12:53:44","guid":{"rendered":"https:\/\/ioha.org\/?post_type=journal_article&#038;p=3682"},"modified":"2022-06-24T07:53:06","modified_gmt":"2022-06-24T07:53:06","slug":"historia-oral-y-espacio-sobre-este-tema","status":"publish","type":"journal_article","link":"https:\/\/ioha.org\/es\/journal\/articles\/oral-history-and-space-about-this-issue\/","title":{"rendered":"La historia oral y el espacio: Acerca de este n\u00famero"},"content":{"rendered":"<p><\/p>\n\n\n\n<p>En octubre de 2020, que para muchos fue un momento \u00e1lgido de la pandemia mundial de Covid-19, nuestro equipo editorial persigui\u00f3 la idea de seguir conectados y avanzar  en nuestro n\u00famero previsto, \"Historia oral y espacio\".   <\/p>\n\n\n\n<p class=\"translation-block\">Se distribuy\u00f3 un llamado a contribuciones <a href=\"https:\/\/ioha.org\/es\/call-for-submissions-oral-history-and-space-words-and-silences-palabras-y-silencios\/\" target=\"_self\">Call for Papers <\/a>, con el objetivo de publicar el n\u00famero en alg\u00fan momento del verano o el oto\u00f1o de 2021. Ahora ha pasado un a\u00f1o de la fecha en la que esper\u00e1bamos publicar. Las dificultades t\u00e9cnicas con nuestra p\u00e1gina web, las dificultades con la salud y las p\u00e9rdidas personales, as\u00ed como la transici\u00f3n de nuestro equipo de voluntarios y voluntarias, han sido las razones de este retraso. Queremos mostrar nuestra gratitud hacia los autores que enviaron sus art\u00edculos y realizaron las revisiones, que han sido m\u00e1s que pacientes al esperar la publicaci\u00f3n; a nuestro equipo de voluntarios\/as que se tom\u00f3 el tiempo de elaborar cuidadosos comentarios; y a todas las personas que nos leen, finalmente estamos en posici\u00f3n de comenzar a publicar este volumen<\/p>\n\n\n\n<p>Cuando invitamos a presentar propuestas en torno a este tema, invitamos a una amplia interpretaci\u00f3n de \"Historia Oral y Espacio\".  Las presentaciones representaron muchas regiones, concepciones y experiencias diferentes del tiempo, subrayando la diversidad geogr\u00e1fica de nuestra comunidad internacional de historia oral, as\u00ed como una diversidad en el compromiso con este tema.  Esperamos que los art\u00edculos que publicamos en este n\u00famero os resulten tan sugerentes como a nosotros. <\/p>\n\n\n\n<p>Hay m\u00e1s art\u00edculos en proceso, y honraremos los env\u00edos de nuestros autores public\u00e1ndolos tan pronto como podamos.<\/p>\n\n\n\n<p>Gracias de nuevo a todos los que han contribuido a este n\u00famero, y deseamos a todos los lectores y asociados salud y bienestar.<\/p>","protected":false},"featured_media":0,"template":"","meta":{"_acf_changed":false,"site-sidebar-layout":"default","site-content-layout":"","ast-site-content-layout":"default","site-content-style":"default","site-sidebar-style":"default","ast-global-header-display":"","ast-banner-title-visibility":"","ast-main-header-display":"","ast-hfb-above-header-display":"","ast-hfb-below-header-display":"","ast-hfb-mobile-header-display":"","site-post-title":"","ast-breadcrumbs-content":"","ast-featured-img":"","footer-sml-layout":"","ast-disable-related-posts":"","theme-transparent-header-meta":"","adv-header-id-meta":"","stick-header-meta":"","header-above-stick-meta":"","header-main-stick-meta":"","header-below-stick-meta":"","astra-migrate-meta-layouts":"default","ast-page-background-enabled":"default","ast-page-background-meta":{"desktop":{"background-color":"var(--ast-global-color-4)","background-image":"","background-repeat":"repeat","background-position":"center center","background-size":"auto","background-attachment":"scroll","background-type":"","background-media":"","overlay-type":"","overlay-color":"","overlay-opacity":"","overlay-gradient":""},"tablet":{"background-color":"","background-image":"","background-repeat":"repeat","background-position":"center center","background-size":"auto","background-attachment":"scroll","background-type":"","background-media":"","overlay-type":"","overlay-color":"","overlay-opacity":"","overlay-gradient":""},"mobile":{"background-color":"","background-image":"","background-repeat":"repeat","background-position":"center center","background-size":"auto","background-attachment":"scroll","background-type":"","background-media":"","overlay-type":"","overlay-color":"","overlay-opacity":"","overlay-gradient":""}},"ast-content-background-meta":{"desktop":{"background-color":"var(--ast-global-color-5)","background-image":"","background-repeat":"repeat","background-position":"center center","background-size":"auto","background-attachment":"scroll","background-type":"","background-media":"","overlay-type":"","overlay-color":"","overlay-opacity":"","overlay-gradient":""},"tablet":{"background-color":"var(--ast-global-color-5)","background-image":"","background-repeat":"repeat","background-position":"center center","background-size":"auto","background-attachment":"scroll","background-type":"","background-media":"","overlay-type":"","overlay-color":"","overlay-opacity":"","overlay-gradient":""},"mobile":{"background-color":"var(--ast-global-color-5)","background-image":"","background-repeat":"repeat","background-position":"center center","background-size":"auto","background-attachment":"scroll","background-type":"","background-media":"","overlay-type":"","overlay-color":"","overlay-opacity":"","overlay-gradient":""}}},"journal_issue":[103],"journal_article_category":[],"class_list":["post-3682","journal_article","type-journal_article","status-publish","hentry","journal_issue-oral-history-and-space"],"acf":[],"yoast_head":"<!-- This site is optimized with the Yoast SEO plugin v27.4 - https:\/\/yoast.com\/product\/yoast-seo-wordpress\/ -->\n<title>Oral History and Space: About This Issue - IOHA Journal - International Oral History Association<\/title>\n<meta name=\"robots\" content=\"index, follow, max-snippet:-1, max-image-preview:large, max-video-preview:-1\" \/>\n<link rel=\"canonical\" href=\"https:\/\/ioha.org\/es\/revista\/articulos\/historia-oral-y-espacio-sobre-este-tema\/\" \/>\n<meta property=\"og:locale\" content=\"es_ES\" \/>\n<meta property=\"og:type\" content=\"article\" \/>\n<meta property=\"og:title\" content=\"Oral History and Space: About This Issue - IOHA Journal - International Oral History Association\" \/>\n<meta property=\"og:description\" content=\"In October 2020, which for many was a peak moment of the Covid-19 global pandemic, our editorial team pursued the idea of staying connected through moving forward with our planned issue, \u201cOral History and Space.\u201d A Call for Papers was distributed, with the goal of publishing the issue sometime in the summer or early fall [&hellip;]\" \/>\n<meta property=\"og:url\" content=\"https:\/\/ioha.org\/es\/revista\/articulos\/historia-oral-y-espacio-sobre-este-tema\/\" \/>\n<meta property=\"og:site_name\" content=\"International Oral History Association\" \/>\n<meta property=\"article:publisher\" content=\"https:\/\/www.facebook.com\/people\/IOHA-International-Oral-History-Association\/61552554031622\/\" \/>\n<meta property=\"article:modified_time\" content=\"2022-06-24T07:53:06+00:00\" \/>\n<meta name=\"twitter:card\" content=\"summary_large_image\" \/>\n<meta name=\"twitter:label1\" content=\"Tiempo de lectura\" \/>\n\t<meta name=\"twitter:data1\" content=\"2 minutos\" \/>\n<script type=\"application\/ld+json\" class=\"yoast-schema-graph\">{\"@context\":\"https:\\\/\\\/schema.org\",\"@graph\":[{\"@type\":\"WebPage\",\"@id\":\"https:\\\/\\\/ioha.org\\\/journal\\\/articles\\\/oral-history-and-space-about-this-issue\\\/\",\"url\":\"https:\\\/\\\/ioha.org\\\/journal\\\/articles\\\/oral-history-and-space-about-this-issue\\\/\",\"name\":\"Oral History and Space: About This Issue - IOHA Journal - International Oral History Association\",\"isPartOf\":{\"@id\":\"https:\\\/\\\/ioha.org\\\/#website\"},\"datePublished\":\"2022-06-18T12:53:44+00:00\",\"dateModified\":\"2022-06-24T07:53:06+00:00\",\"breadcrumb\":{\"@id\":\"https:\\\/\\\/ioha.org\\\/journal\\\/articles\\\/oral-history-and-space-about-this-issue\\\/#breadcrumb\"},\"inLanguage\":\"es\",\"potentialAction\":[{\"@type\":\"ReadAction\",\"target\":[\"https:\\\/\\\/ioha.org\\\/journal\\\/articles\\\/oral-history-and-space-about-this-issue\\\/\"]}]},{\"@type\":\"BreadcrumbList\",\"@id\":\"https:\\\/\\\/ioha.org\\\/journal\\\/articles\\\/oral-history-and-space-about-this-issue\\\/#breadcrumb\",\"itemListElement\":[{\"@type\":\"ListItem\",\"position\":1,\"name\":\"Home\",\"item\":\"https:\\\/\\\/ioha.org\\\/\"},{\"@type\":\"ListItem\",\"position\":2,\"name\":\"Oral History and Space (2022)\",\"item\":\"https:\\\/\\\/ioha.org\\\/journal\\\/issue\\\/oral-history-and-space\\\/\"},{\"@type\":\"ListItem\",\"position\":3,\"name\":\"Oral History and Space: About This Issue\"}]},{\"@type\":\"WebSite\",\"@id\":\"https:\\\/\\\/ioha.org\\\/#website\",\"url\":\"https:\\\/\\\/ioha.org\\\/\",\"name\":\"International Oral History Association\",\"description\":\"IOHA\",\"publisher\":{\"@id\":\"https:\\\/\\\/ioha.org\\\/#organization\"},\"potentialAction\":[{\"@type\":\"SearchAction\",\"target\":{\"@type\":\"EntryPoint\",\"urlTemplate\":\"https:\\\/\\\/ioha.org\\\/?s={search_term_string}\"},\"query-input\":{\"@type\":\"PropertyValueSpecification\",\"valueRequired\":true,\"valueName\":\"search_term_string\"}}],\"inLanguage\":\"es\"},{\"@type\":\"Organization\",\"@id\":\"https:\\\/\\\/ioha.org\\\/#organization\",\"name\":\"International Oral History Association\",\"alternateName\":\"IOHA\",\"url\":\"https:\\\/\\\/ioha.org\\\/\",\"logo\":{\"@type\":\"ImageObject\",\"inLanguage\":\"es\",\"@id\":\"https:\\\/\\\/ioha.org\\\/#\\\/schema\\\/logo\\\/image\\\/\",\"url\":\"https:\\\/\\\/ioha.org\\\/wp-content\\\/uploads\\\/2022\\\/02\\\/ioha-logo.png\",\"contentUrl\":\"https:\\\/\\\/ioha.org\\\/wp-content\\\/uploads\\\/2022\\\/02\\\/ioha-logo.png\",\"width\":500,\"height\":500,\"caption\":\"International Oral History Association\"},\"image\":{\"@id\":\"https:\\\/\\\/ioha.org\\\/#\\\/schema\\\/logo\\\/image\\\/\"},\"sameAs\":[\"https:\\\/\\\/www.facebook.com\\\/people\\\/IOHA-International-Oral-History-Association\\\/61552554031622\\\/\"]}]}<\/script>\n<!-- \/ Yoast SEO plugin. -->","yoast_head_json":{"title":"La historia oral y el espacio: Acerca de este n\u00famero - IOHA Journal - International Oral History Association","robots":{"index":"index","follow":"follow","max-snippet":"max-snippet:-1","max-image-preview":"max-image-preview:large","max-video-preview":"max-video-preview:-1"},"canonical":"https:\/\/ioha.org\/es\/revista\/articulos\/historia-oral-y-espacio-sobre-este-tema\/","og_locale":"es_ES","og_type":"article","og_title":"Oral History and Space: About This Issue - IOHA Journal - International Oral History Association","og_description":"In October 2020, which for many was a peak moment of the Covid-19 global pandemic, our editorial team pursued the idea of staying connected through moving forward with our planned issue, \u201cOral History and Space.\u201d A Call for Papers was distributed, with the goal of publishing the issue sometime in the summer or early fall [&hellip;]","og_url":"https:\/\/ioha.org\/es\/revista\/articulos\/historia-oral-y-espacio-sobre-este-tema\/","og_site_name":"International Oral History Association","article_publisher":"https:\/\/www.facebook.com\/people\/IOHA-International-Oral-History-Association\/61552554031622\/","article_modified_time":"2022-06-24T07:53:06+00:00","twitter_card":"summary_large_image","twitter_misc":{"Tiempo de lectura":"2 minutos"},"schema":{"@context":"https:\/\/schema.org","@graph":[{"@type":"WebPage","@id":"https:\/\/ioha.org\/journal\/articles\/oral-history-and-space-about-this-issue\/","url":"https:\/\/ioha.org\/journal\/articles\/oral-history-and-space-about-this-issue\/","name":"La historia oral y el espacio: Acerca de este n\u00famero - IOHA Journal - International Oral History Association","isPartOf":{"@id":"https:\/\/ioha.org\/#website"},"datePublished":"2022-06-18T12:53:44+00:00","dateModified":"2022-06-24T07:53:06+00:00","breadcrumb":{"@id":"https:\/\/ioha.org\/journal\/articles\/oral-history-and-space-about-this-issue\/#breadcrumb"},"inLanguage":"es","potentialAction":[{"@type":"ReadAction","target":["https:\/\/ioha.org\/journal\/articles\/oral-history-and-space-about-this-issue\/"]}]},{"@type":"BreadcrumbList","@id":"https:\/\/ioha.org\/journal\/articles\/oral-history-and-space-about-this-issue\/#breadcrumb","itemListElement":[{"@type":"ListItem","position":1,"name":"Home","item":"https:\/\/ioha.org\/"},{"@type":"ListItem","position":2,"name":"Oral History and Space (2022)","item":"https:\/\/ioha.org\/journal\/issue\/oral-history-and-space\/"},{"@type":"ListItem","position":3,"name":"Oral History and Space: About This Issue"}]},{"@type":"WebSite","@id":"https:\/\/ioha.org\/#website","url":"https:\/\/ioha.org\/","name":"Asociaci\u00f3n Internacional de Historia Oral","description":"IOHA","publisher":{"@id":"https:\/\/ioha.org\/#organization"},"potentialAction":[{"@type":"SearchAction","target":{"@type":"EntryPoint","urlTemplate":"https:\/\/ioha.org\/?s={search_term_string}"},"query-input":{"@type":"PropertyValueSpecification","valueRequired":true,"valueName":"search_term_string"}}],"inLanguage":"es"},{"@type":"Organization","@id":"https:\/\/ioha.org\/#organization","name":"Asociaci\u00f3n Internacional de Historia Oral","alternateName":"IOHA","url":"https:\/\/ioha.org\/","logo":{"@type":"ImageObject","inLanguage":"es","@id":"https:\/\/ioha.org\/#\/schema\/logo\/image\/","url":"https:\/\/ioha.org\/wp-content\/uploads\/2022\/02\/ioha-logo.png","contentUrl":"https:\/\/ioha.org\/wp-content\/uploads\/2022\/02\/ioha-logo.png","width":500,"height":500,"caption":"International Oral History Association"},"image":{"@id":"https:\/\/ioha.org\/#\/schema\/logo\/image\/"},"sameAs":["https:\/\/www.facebook.com\/people\/IOHA-International-Oral-History-Association\/61552554031622\/"]}]}},"_links":{"self":[{"href":"https:\/\/ioha.org\/es\/wp-json\/wp\/v2\/journal_article\/3682","targetHints":{"allow":["GET"]}}],"collection":[{"href":"https:\/\/ioha.org\/es\/wp-json\/wp\/v2\/journal_article"}],"about":[{"href":"https:\/\/ioha.org\/es\/wp-json\/wp\/v2\/types\/journal_article"}],"wp:attachment":[{"href":"https:\/\/ioha.org\/es\/wp-json\/wp\/v2\/media?parent=3682"}],"wp:term":[{"taxonomy":"journal_issue","embeddable":true,"href":"https:\/\/ioha.org\/es\/wp-json\/wp\/v2\/journal_issue?post=3682"},{"taxonomy":"journal_article_category","embeddable":true,"href":"https:\/\/ioha.org\/es\/wp-json\/wp\/v2\/journal_article_category?post=3682"}],"curies":[{"name":"wp","href":"https:\/\/api.w.org\/{rel}","templated":true}]}}